{"id":69,"date":"2014-02-28T03:12:43","date_gmt":"2014-02-28T03:12:43","guid":{"rendered":"http:\/\/www.encontracentrodegoiania.com.br\/noticias\/?p=69"},"modified":"2014-02-28T03:12:43","modified_gmt":"2014-02-28T03:12:43","slug":"centro-mutirama-tera-matine-e-horario-especial-na-semana-de-carnaval","status":"publish","type":"post","link":"https:\/\/www.encontracentrodegoiania.com.br\/noticias\/centro-mutirama-tera-matine-e-horario-especial-na-semana-de-carnaval\/","title":{"rendered":"Centro: Mutirama ter\u00e1 matin\u00ea e hor\u00e1rio especial na semana de carnaval"},"content":{"rendered":"<p>O Mutirama j\u00e1 est\u00e1 no clima de folia e ter\u00e1 hor\u00e1rio especial na semana de carnaval. Al\u00e9m do pr\u00f3ximo s\u00e1bado e domingo, dias 1\u00ba e 2 de mar\u00e7o, o Parque abrir\u00e1 tamb\u00e9m na segunda-feira, 3, na ter\u00e7a-feira, 4, e na Quarta-feira de Cinzas, dia 5. Durante esses dias, o hor\u00e1rios de funcionamento ser\u00e1 estendido, das 9 \u00e0s 19 horas. O local estar\u00e1 fechado ao p\u00fablico na quinta e sexta-feiras, dias 6 e 7, reabrindo no s\u00e1bado, \u00e0s 9 horas.<\/p>\n<p>E quem for ao Mutirama no domingo e na ter\u00e7a de carnaval, no hor\u00e1rio das 15 \u00e0s 17 horas, vai poder curtir uma animada Matin\u00ea de Carnaval, embalada ao som das antigas marchinhas. A folia de divers\u00e3o vai ocorrer na \u00e1rea 1 do Parque, pr\u00f3ximo \u00e0 sede do Sistema Mutirama de Comunica\u00e7\u00e3o (SMC), em uma tenda montada especialmente para o baile carnavalesco, aberto a crian\u00e7as e adultos.<\/p>\n<p>A tenda estar\u00e1 toda decorada e vai ter confete e serpentina pra deixar a festa ainda mais animada e colorida. Por isso, pais e respons\u00e1veis podem levar as crian\u00e7as fantasiadas. Pais e m\u00e3es tamb\u00e9m poder\u00e3o se fantasiar. \u201cPodem ter certeza de que, al\u00e9m de muita divers\u00e3o, vai render bel\u00edssimas fotos\u201d, sugere a diretora de Recrea\u00e7\u00e3o e Eventos do Parque, Cleide Rocha.<\/p>\n<p>De acordo com o diretor-presidente do Mutirama, Jairo Gomes, a decis\u00e3o de abrir o parque em hor\u00e1rio diferenciado foi para oferecer uma boa op\u00e7\u00e3o de lazer para quem ficar\u00e1 na cidade e preferir ter um feriado mais tranquilo ao lado da fam\u00edlia. \u201cTodos os anos percebemos que quem viaja mais s\u00e3o os jovens e as fam\u00edlias, com filhos pequenos, preferem ficar na cidade. Por isso achamos que podemos ter um bom p\u00fablico nesse pr\u00f3ximo feriado prolongado\u201d, afirma Gomes.<\/p>\n<p><strong>Servi\u00e7o:<\/strong><br \/>\nAssunto 1: Parque Mutirama funcionar\u00e1 em hor\u00e1rio especial na semana de carnaval<br \/>\nData: dias 1\u00ba, 2, 3, 4 e 5 de mar\u00e7o<br \/>\nHor\u00e1rio: das 9 \u00e0s 19 horas<br \/>\nLocal: Parque Mutirama, Av. Contorno do Contorno, S\/N, Setor Central (pr\u00f3ximo ao 1\u00ba Batalh\u00e3o da PM)<br \/>\nIngressos: R$ 10,00 e R$ 5,00 (meia entrada). A bilheteria ser\u00e1 encerrada \u00e0s 17 Horas<\/p>\n<p>Assunto 2: Matin\u00ea de Carnaval do Mutirama<br \/>\nData: dia 2 (domingo) e dia 4 (ter\u00e7a-feira)<br \/>\nHor\u00e1rio: das 15 \u00e0s 17 horas<br \/>\nLocal: Parque Mutirama, Av. Contorno do Contorno, S\/N, Setor Central (pr\u00f3ximo ao 1\u00ba Batalh\u00e3o da PM)<\/p>\n","protected":false},"excerpt":{"rendered":"<p>O Mutirama j\u00e1 est\u00e1 no clima de folia e ter\u00e1 hor\u00e1rio especial na semana de carnaval. Al\u00e9m do pr\u00f3ximo s\u00e1bado e domingo, dias 1\u00ba e 2 de mar\u00e7o, o Parque abrir\u00e1 tamb\u00e9m na segunda-feira, 3, na ter\u00e7a-feira, 4, e na Quarta-feira de Cinzas, dia 5. Durante esses dias, o hor\u00e1rios de funcionamento ser\u00e1 estendido, das [&hellip;]<\/p>\n","protected":false},"author":1,"featured_media":0,"comment_status":"open","ping_status":"open","sticky":false,"template":"","format":"standard","meta":{"footnotes":""},"categories":[1],"tags":[],"class_list":["post-69","post","type-post","status-publish","format-standard","hentry","category-noticias"],"_links":{"self":[{"href":"https:\/\/www.encontracentrodegoiania.com.br\/noticias\/wp-json\/wp\/v2\/posts\/69","targetHints":{"allow":["GET"]}}],"collection":[{"href":"https:\/\/www.encontracentrodegoiania.com.br\/noticias\/wp-json\/wp\/v2\/posts"}],"about":[{"href":"https:\/\/www.encontracentrodegoiania.com.br\/noticias\/wp-json\/wp\/v2\/types\/post"}],"author":[{"embeddable":true,"href":"https:\/\/www.encontracentrodegoiania.com.br\/noticias\/wp-json\/wp\/v2\/users\/1"}],"replies":[{"embeddable":true,"href":"https:\/\/www.encontracentrodegoiania.com.br\/noticias\/wp-json\/wp\/v2\/comments?post=69"}],"version-history":[{"count":1,"href":"https:\/\/www.encontracentrodegoiania.com.br\/noticias\/wp-json\/wp\/v2\/posts\/69\/revisions"}],"predecessor-version":[{"id":70,"href":"https:\/\/www.encontracentrodegoiania.com.br\/noticias\/wp-json\/wp\/v2\/posts\/69\/revisions\/70"}],"wp:attachment":[{"href":"https:\/\/www.encontracentrodegoiania.com.br\/noticias\/wp-json\/wp\/v2\/media?parent=69"}],"wp:term":[{"taxonomy":"category","embeddable":true,"href":"https:\/\/www.encontracentrodegoiania.com.br\/noticias\/wp-json\/wp\/v2\/categories?post=69"},{"taxonomy":"post_tag","embeddable":true,"href":"https:\/\/www.encontracentrodegoiania.com.br\/noticias\/wp-json\/wp\/v2\/tags?post=69"}],"curies":[{"name":"wp","href":"https:\/\/api.w.org\/{rel}","templated":true}]}}