{"id":54,"date":"2014-01-17T12:38:19","date_gmt":"2014-01-17T12:38:19","guid":{"rendered":"http:\/\/www.encontracentrodegoiania.com.br\/noticias\/?p=54"},"modified":"2014-01-17T12:39:07","modified_gmt":"2014-01-17T12:39:07","slug":"centro-galeria-no-predio-do-procon-goiania-recebe-a-exposicao-passaros-do-cerrado","status":"publish","type":"post","link":"https:\/\/www.encontracentrodegoiania.com.br\/noticias\/centro-galeria-no-predio-do-procon-goiania-recebe-a-exposicao-passaros-do-cerrado\/","title":{"rendered":"Centro: Galeria no pr\u00e9dio do Procon Goi\u00e2nia recebe a exposi\u00e7\u00e3o P\u00e1ssaros do Cerrado"},"content":{"rendered":"<p>Para a primeira exposi\u00e7\u00e3o deste ano, a Galeria Permanente de Arte Cultura e Cidadania, sediada no pr\u00e9dio do Procon Goi\u00e2nia, recebe a exposi\u00e7\u00e3o P\u00e1ssaros do Cerrado da artista Goiana An\u00e1lia C\u00e1ssia at\u00e9 31 de janeiro.<\/p>\n<p>A artista, que tem um encantamento especial pela fauna e flora do cerrado, apresenta obras realistas com uma profus\u00e3o vivaz das cores em formas de p\u00e1ssaros &#8211; na maioria araras &#8211; e plantas. Suas telas reproduzem, dentre outras imagens, plantas e frutos de Goi\u00e1s.<\/p>\n<p><strong>Artista<\/strong><br \/>\nAn\u00e1lia C\u00e1ssia nasceu em Ara\u00e7u-GO e reside em Inhumas-GO. Formada em Pedagogia pela Universidade Federal de Goi\u00e1s, \u00e9 especialista em Arteterapia pela UFG e Mestre em Educa\u00e7\u00e3o. A artista divide seu tempo entre a pintura e a sala de aula, ministrando aulas no ensino fundamental da Secretaria Estadual de Educa\u00e7\u00e3o (Seduc), e no ensino superior.<\/p>\n<p>Foi diretora da Unidade Universit\u00e1ria de Inhumas &#8211; Universidade Estadual de Goi\u00e1s, onde dedica seu tempo ao estudo das &#8220;implica\u00e7\u00f5es e contextos da Arte na Educa\u00e7\u00e3o&#8221; e a &#8220;import\u00e2ncia do meio ambiente e das aves do cerrado&#8221;. An\u00e1lia C\u00e1ssia acredita\u00a0 que \u00e9 preciso ter um olhar diferenciado para as pequenas coisas da nossa natureza, sendo preciso ver no cerrado a riqueza das cores, das formas e cheiros, a beleza do simples para a complexidade que \u00e9 o cerrado. Em seu curr\u00edculo conta diversas participa\u00e7\u00f5es em festivais de artes, semanas culturais, e outros eventos afins.<\/p>\n<p><strong>Servi\u00e7o:<\/strong><br \/>\nAssunto: Galeria \u201cCultura e Cidadania\u201d apresenta P\u00e1ssaros do Cerrado por An\u00e1lia C\u00e1ssia<br \/>\nData: at\u00e9 31 de janeiro de 2014<br \/>\nHora: 8 \u00e0s 18 horas<br \/>\nLocal: Procon-Goi\u00e2nia<br \/>\nEndere\u00e7o: Av.: Tocantins, 191 \u2013 Centro<\/p>\n","protected":false},"excerpt":{"rendered":"<p>Para a primeira exposi\u00e7\u00e3o deste ano, a Galeria Permanente de Arte Cultura e Cidadania, sediada no pr\u00e9dio do Procon Goi\u00e2nia, recebe a exposi\u00e7\u00e3o P\u00e1ssaros do Cerrado da artista Goiana An\u00e1lia C\u00e1ssia at\u00e9 31 de janeiro. A artista, que tem um encantamento especial pela fauna e flora do cerrado, apresenta obras realistas com uma profus\u00e3o vivaz [&hellip;]<\/p>\n","protected":false},"author":1,"featured_media":0,"comment_status":"open","ping_status":"open","sticky":false,"template":"","format":"standard","meta":{"footnotes":""},"categories":[1],"tags":[],"class_list":["post-54","post","type-post","status-publish","format-standard","hentry","category-noticias"],"_links":{"self":[{"href":"https:\/\/www.encontracentrodegoiania.com.br\/noticias\/wp-json\/wp\/v2\/posts\/54","targetHints":{"allow":["GET"]}}],"collection":[{"href":"https:\/\/www.encontracentrodegoiania.com.br\/noticias\/wp-json\/wp\/v2\/posts"}],"about":[{"href":"https:\/\/www.encontracentrodegoiania.com.br\/noticias\/wp-json\/wp\/v2\/types\/post"}],"author":[{"embeddable":true,"href":"https:\/\/www.encontracentrodegoiania.com.br\/noticias\/wp-json\/wp\/v2\/users\/1"}],"replies":[{"embeddable":true,"href":"https:\/\/www.encontracentrodegoiania.com.br\/noticias\/wp-json\/wp\/v2\/comments?post=54"}],"version-history":[{"count":2,"href":"https:\/\/www.encontracentrodegoiania.com.br\/noticias\/wp-json\/wp\/v2\/posts\/54\/revisions"}],"predecessor-version":[{"id":56,"href":"https:\/\/www.encontracentrodegoiania.com.br\/noticias\/wp-json\/wp\/v2\/posts\/54\/revisions\/56"}],"wp:attachment":[{"href":"https:\/\/www.encontracentrodegoiania.com.br\/noticias\/wp-json\/wp\/v2\/media?parent=54"}],"wp:term":[{"taxonomy":"category","embeddable":true,"href":"https:\/\/www.encontracentrodegoiania.com.br\/noticias\/wp-json\/wp\/v2\/categories?post=54"},{"taxonomy":"post_tag","embeddable":true,"href":"https:\/\/www.encontracentrodegoiania.com.br\/noticias\/wp-json\/wp\/v2\/tags?post=54"}],"curies":[{"name":"wp","href":"https:\/\/api.w.org\/{rel}","templated":true}]}}