{"id":21,"date":"2013-09-05T16:27:03","date_gmt":"2013-09-05T16:27:03","guid":{"rendered":"http:\/\/www.encontracentrodegoiania.com.br\/noticias\/?p=21"},"modified":"2013-09-05T16:27:03","modified_gmt":"2013-09-05T16:27:03","slug":"coral-meninos-cantores-de-viena-se-apresenta-no-centro-de-goiania","status":"publish","type":"post","link":"https:\/\/www.encontracentrodegoiania.com.br\/noticias\/coral-meninos-cantores-de-viena-se-apresenta-no-centro-de-goiania\/","title":{"rendered":"Coral Meninos Cantores de Viena se apresenta no Centro de Goi\u00e2nia"},"content":{"rendered":"<p>No dia 10 de setembro de 2013, o Coral Meninos Cantores de Viena se apresenta no Centro de Goi\u00e2nia.<\/p>\n<p>Uma verdadeira institui\u00e7\u00e3o da m\u00fasica universal, os MENINOS CANTORES DE VIENA re\u00fane jovens austr\u00edacos de vozes soprano e alto e \u00e9 o coral infantil mais conhecido no mundo.<\/p>\n<p>O coral \u00e9 descendente moderno do Coral de Garotos da Corte de Vienna, que vem dos tempos da baixa Idade M\u00e9dia. O Coral foi, na pr\u00e1tica, criado por uma carta escrita por Maximiliano I de Hamburgo em 7 de julho de 1498. Na carta, o imperador instruiu os oficiais da corte a empregar um mestre de m\u00fasica, dois percussionistas e seis garotos.<\/p>\n<p>Conhecidos por seu elevado padr\u00e3o vocal, o coral trabalhou com m\u00fasicos que incluem Wolfgang Amadeus Mozart, Antonio Caldara, Antonio Salieri, Heinrich Isaac, Paul Hofhaimer, Heinrich Ignaz Franz Biber, Johann Joseph Fux, Christoph Willibald Gluck, e Anton Bruckner.<\/p>\n<p>O papel do coral era prover acompanhamento musical para a massa da igreja. Os garotos receberam uma educa\u00e7\u00e3o musical s\u00f3lida, o que em muitos casos tinha um impacto significante no resto de suas vidas, e muitos deles chegaram \u00e0 ser m\u00fasicos profissionais. Os compositores Jacobus Gallus, Franz Schubert, e os maestros Hans Richter, Felix Mottl e Clemens Krauss foram membros do coral.<\/p>\n<p>Em 1920 os Hofkapelle (m\u00fasicos da corte) foram demitidos. No entanto, o ent\u00e3o reitor Josef Schnitt proucurou uma continua\u00e7\u00e3o da tradi\u00e7\u00e3o. Em 1924 o &#8220;Coral dos Meninos de Viena&#8221; foi oficialmente fundado e evoluiu para um grupo de m\u00fasicos profissionais. Desde 1948 o Pal\u00e1cio Augarten funciona como seu ponto de encontro e escola base que vai desde o jardim de inf\u00e2ncia at\u00e9 ao ensino m\u00e9dio.<\/p>\n<p>O coral \u00e9 uma organiza\u00e7\u00e3o privada e sem fins lucrativos. H\u00e1 aproximadamente 100 coristas entre os 10 e 14 anos de idade. Os garotos s\u00e3o divididos em quatro grupos de coristas, que realizam cerca de 300 concertos por ano para um p\u00fablico estimado em 500 mil pessoas. Cada turn\u00ea dura de nove a onze semanas.<\/p>\n<p>Os garotos s\u00e3o selecionados principalmente da \u00c1ustria, mas h\u00e1 tamb\u00e9m de muitos pa\u00edses pelo mundo, e s\u00e3o entrevistados individualmente.<\/p>\n<p>Nesta sua tourn\u00e9e brasileira, o coral, que n\u00e3o se apresenta no pa\u00eds desde 1999, mostrar\u00e1 obras de Mozart, Mendelssohn, Haydn, Strauss, al\u00e9m de seus j\u00e1 tradicionais arranjos para obras do repert\u00f3rio popular, como \u201cOh, happy day\u201d, \u201cMy heart will go on\u201d (tema do filme Titanic), \u201cThank you for the music\u201d (do grupo Abba), \u201cCan you fell the love tonight\u201d, al\u00e9m de um medley de can\u00e7\u00f5es de Michael Jackson.<\/p>\n<p><strong>Servi\u00e7o:<\/strong><\/p>\n<p><strong>Segmento:<\/strong> Espet\u00e1culos \/ Shows<\/p>\n<p><strong>Dia:<\/strong> 10.09.2013<\/p>\n<p><strong>Local:<\/strong> Teatro Rio Vermelho<\/p>\n<p><strong>Data<\/strong>: 10 de Setembro<\/p>\n<p><strong>Hor\u00e1rio<\/strong>: 20h30<\/p>\n<p><strong>Valor dos ingressos<br \/>\n<\/strong><\/p>\n<p><strong>Plat\u00e9ia inferior:<\/strong><\/p>\n<p>. Inteira: 120,00<\/p>\n<p>. Meia: 60,00<\/p>\n<p>. 50% de desconto para assinantes de o popular<strong><br \/>\n<\/strong><\/p>\n<p><strong>Plat\u00e9ia superior:<\/strong><\/p>\n<p>. Inteira: 100,00<\/p>\n<p>. Meia: 50,00<\/p>\n<p>. 50% de desconto para assinantes de o popular<\/p>\n<p><strong>Ingressos \u00e0 venda:<\/strong><\/p>\n<p>. Bob\u00b4s Drive Thru \u2013 3214-1052<\/p>\n<p>. Submarino Festas \u2013 3582-0009<\/p>\n<p><strong>Venda com cart\u00e3o de credito<\/strong> pelo site compreingressos.com e call center: 4052-0016<strong><br \/>\n<\/strong><\/p>\n<p><strong>Informa\u00e7\u00f5es:\u00a0 <\/strong>3219-3300 \/ 3219-3400<strong><br \/>\n<\/strong><\/p>\n<p><strong>Classifica\u00e7\u00e3o:<\/strong> livre<\/p>\n<p><strong>Produ\u00e7\u00e3o local<\/strong>: Cia de Sucessos<\/p>\n","protected":false},"excerpt":{"rendered":"<p>No dia 10 de setembro de 2013, o Coral Meninos Cantores de Viena se apresenta no Centro de Goi\u00e2nia. Uma verdadeira institui\u00e7\u00e3o da m\u00fasica universal, os MENINOS CANTORES DE VIENA re\u00fane jovens austr\u00edacos de vozes soprano e alto e \u00e9 o coral infantil mais conhecido no mundo. O coral \u00e9 descendente moderno do Coral de [&hellip;]<\/p>\n","protected":false},"author":1,"featured_media":0,"comment_status":"open","ping_status":"open","sticky":false,"template":"","format":"standard","meta":{"footnotes":""},"categories":[8],"tags":[],"class_list":["post-21","post","type-post","status-publish","format-standard","hentry","category-shows"],"_links":{"self":[{"href":"https:\/\/www.encontracentrodegoiania.com.br\/noticias\/wp-json\/wp\/v2\/posts\/21","targetHints":{"allow":["GET"]}}],"collection":[{"href":"https:\/\/www.encontracentrodegoiania.com.br\/noticias\/wp-json\/wp\/v2\/posts"}],"about":[{"href":"https:\/\/www.encontracentrodegoiania.com.br\/noticias\/wp-json\/wp\/v2\/types\/post"}],"author":[{"embeddable":true,"href":"https:\/\/www.encontracentrodegoiania.com.br\/noticias\/wp-json\/wp\/v2\/users\/1"}],"replies":[{"embeddable":true,"href":"https:\/\/www.encontracentrodegoiania.com.br\/noticias\/wp-json\/wp\/v2\/comments?post=21"}],"version-history":[{"count":1,"href":"https:\/\/www.encontracentrodegoiania.com.br\/noticias\/wp-json\/wp\/v2\/posts\/21\/revisions"}],"predecessor-version":[{"id":22,"href":"https:\/\/www.encontracentrodegoiania.com.br\/noticias\/wp-json\/wp\/v2\/posts\/21\/revisions\/22"}],"wp:attachment":[{"href":"https:\/\/www.encontracentrodegoiania.com.br\/noticias\/wp-json\/wp\/v2\/media?parent=21"}],"wp:term":[{"taxonomy":"category","embeddable":true,"href":"https:\/\/www.encontracentrodegoiania.com.br\/noticias\/wp-json\/wp\/v2\/categories?post=21"},{"taxonomy":"post_tag","embeddable":true,"href":"https:\/\/www.encontracentrodegoiania.com.br\/noticias\/wp-json\/wp\/v2\/tags?post=21"}],"curies":[{"name":"wp","href":"https:\/\/api.w.org\/{rel}","templated":true}]}}