{"id":14,"date":"2013-08-26T15:53:13","date_gmt":"2013-08-26T15:53:13","guid":{"rendered":"http:\/\/www.encontracentrodegoiania.com.br\/noticias\/?p=14"},"modified":"2013-08-26T15:54:09","modified_gmt":"2013-08-26T15:54:09","slug":"iii-congresso-icones-do-direito-no-centro-de-goiania","status":"publish","type":"post","link":"https:\/\/www.encontracentrodegoiania.com.br\/noticias\/iii-congresso-icones-do-direito-no-centro-de-goiania\/","title":{"rendered":"III Congresso \u00cdcones do Direito no Centro de Goi\u00e2nia"},"content":{"rendered":"<p>O Centro de Goi\u00e2nia recebe o III Congresso \u00cdcones do Direito.<\/p>\n<p>O evento ter\u00e1 dura\u00e7\u00e3o de 20 Horas e acontece no Centro de Conven\u00e7\u00f5es de Goi\u00e2nia durante os dias 29 e 30 de agosto de 2013.<\/p>\n<p>&nbsp;<\/p>\n<p>&nbsp;<\/p>\n<p>&nbsp;<\/p>\n<p>&nbsp;<\/p>\n<p><strong>PROGRAMA\u00c7\u00c3O<\/strong><\/p>\n<p><strong>29 DE AGOSTO DE 2013 &#8211; QUINTA-FEIRA (MANH\u00c3):<\/strong><br \/>\n07:30 &#8211; \u00a0\u00a0 \u00a0ABERTURA E INICIO DO CREDENCIAMENTO<br \/>\n08:30 &#8211; \u00a0\u00a0 \u00a0SOLENIDADE DE ABERTURA<br \/>\n09:00 &#8211; \u00a0\u00a0 \u00a0PALESTRA<br \/>\nPalestrante: ANDRE PUCCINELLI JUNIOR<br \/>\nTema: NACIONALIDADE E DIREITOS POLITICOS<br \/>\n09:30 &#8211; \u00a0\u00a0 \u00a0PALESTRA<br \/>\nPalestrante: FERNANDO CAPEZ<br \/>\nTema: PRISOES E MEDIDAS CAUTELARES<br \/>\n10:30 &#8211; \u00a0\u00a0 \u00a0DEBATES<br \/>\n11:00 &#8211; \u00a0\u00a0 \u00a0ENCERRAMENTO DAS ATIVIDADES MATUTINAS<\/p>\n<p><strong>29 DE AGOSTO DE 2013 &#8211; QUINTA-FEIRA (TARDE):<\/strong><br \/>\n17:30 &#8211; \u00a0\u00a0 \u00a0PALESTRA<br \/>\nPalestrante: DANIEL SCHMITT<br \/>\nTema: O SUIC\u00cdDIO NO CONTRATO DE SEGURO (C\u00d3DIGO CIVIL, JURISPRUD\u00caNCIA NO STJ E DISCUSS\u00c3O, EM ABERTO, NO STF).<\/p>\n<p><strong>29 DE AGOSTO DE 2013 &#8211; QUINTA-FEIRA (NOITE):<\/strong><br \/>\n18:30 &#8211; \u00a0\u00a0 \u00a0PALESTRA<br \/>\nPalestrante: THAIS CAMARGO RODRIGUES<br \/>\nTema: TR\u00c1FICO INTERNACIONAL DE PESSOAS<br \/>\n19:30 &#8211; \u00a0\u00a0 \u00a0COFFE-BREAK<br \/>\n20:00 &#8211; \u00a0\u00a0 \u00a0PALESTRA<br \/>\nPalestrante: AMILTON BUENO DE CARVALHO<br \/>\nTema: O (IM) POSS\u00cdVEL JULGAR PENAL<br \/>\n21:30 &#8211; \u00a0\u00a0 \u00a0DEBATES<br \/>\n22:00 &#8211; \u00a0\u00a0 \u00a0ENCERRAMENTO DAS ATIVIDADES<\/p>\n<p><strong>30 DE AGOSTO DE 2013 &#8211; SEXTA-FEIRA (MANH\u00c3):<\/strong><br \/>\n08:00 &#8211; \u00a0\u00a0 \u00a0PALESTRA<br \/>\n09:00 &#8211; \u00a0\u00a0 \u00a0PALESTRA<br \/>\nPalestrante: CARLOS ALEXANDRE<br \/>\nTema: RESPONSABILIDADE CIVIL DAS EMPRESAS TABAGISTAS<br \/>\n10:00 &#8211; \u00a0\u00a0 \u00a0PALESTRA<br \/>\nPalestrante: ALEXANDRE MAZZA<br \/>\nTema: TEMAS ATUAIS SOBRE RESPONSABILIDADE DO ESTADO<br \/>\n11:00 &#8211; \u00a0\u00a0 \u00a0DEBATES<br \/>\n11:30 &#8211; \u00a0\u00a0 \u00a0ENCERRAMENTO DAS ATIVIDADES MATUTINAS<\/p>\n<p><strong>30 DE AGOSTO DE 2013 &#8211; SEXTA-FEIRA (TARDE):<\/strong><br \/>\n17:30 &#8211; \u00a0\u00a0 \u00a0PALESTRA<br \/>\nPalestrante: ALEXANDRE AVALO e JOS\u00c9 DE ANDRADE NETO<br \/>\nTema: O NOVO CPC<\/p>\n<p><strong>30 DE AGOSTO DE 2013 &#8211; SEXTA-FEIRA (NOITE):<\/strong><br \/>\n18:30 &#8211; \u00a0\u00a0 \u00a0DEBATES<br \/>\n19:00 &#8211; \u00a0\u00a0 \u00a0ENCENA\u00c7\u00c3O TEATRAL &#8211; J\u00daRI SIMULADO<br \/>\n21:00 &#8211; \u00a0\u00a0 \u00a0COQUETEL DE CONFRATERNIZA\u00c7\u00c3O<br \/>\n23:00 &#8211; \u00a0\u00a0 \u00a0ENCERRAMENTO DAS ATIVIDADES<\/p>\n","protected":false},"excerpt":{"rendered":"<p>O Centro de Goi\u00e2nia recebe o III Congresso \u00cdcones do Direito. O evento ter\u00e1 dura\u00e7\u00e3o de 20 Horas e acontece no Centro de Conven\u00e7\u00f5es de Goi\u00e2nia durante os dias 29 e 30 de agosto de 2013. &nbsp; &nbsp; &nbsp; &nbsp; PROGRAMA\u00c7\u00c3O 29 DE AGOSTO DE 2013 &#8211; QUINTA-FEIRA (MANH\u00c3): 07:30 &#8211; \u00a0\u00a0 \u00a0ABERTURA E INICIO [&hellip;]<\/p>\n","protected":false},"author":1,"featured_media":0,"comment_status":"open","ping_status":"open","sticky":false,"template":"","format":"standard","meta":{"footnotes":""},"categories":[1],"tags":[],"class_list":["post-14","post","type-post","status-publish","format-standard","hentry","category-noticias"],"_links":{"self":[{"href":"https:\/\/www.encontracentrodegoiania.com.br\/noticias\/wp-json\/wp\/v2\/posts\/14","targetHints":{"allow":["GET"]}}],"collection":[{"href":"https:\/\/www.encontracentrodegoiania.com.br\/noticias\/wp-json\/wp\/v2\/posts"}],"about":[{"href":"https:\/\/www.encontracentrodegoiania.com.br\/noticias\/wp-json\/wp\/v2\/types\/post"}],"author":[{"embeddable":true,"href":"https:\/\/www.encontracentrodegoiania.com.br\/noticias\/wp-json\/wp\/v2\/users\/1"}],"replies":[{"embeddable":true,"href":"https:\/\/www.encontracentrodegoiania.com.br\/noticias\/wp-json\/wp\/v2\/comments?post=14"}],"version-history":[{"count":4,"href":"https:\/\/www.encontracentrodegoiania.com.br\/noticias\/wp-json\/wp\/v2\/posts\/14\/revisions"}],"predecessor-version":[{"id":18,"href":"https:\/\/www.encontracentrodegoiania.com.br\/noticias\/wp-json\/wp\/v2\/posts\/14\/revisions\/18"}],"wp:attachment":[{"href":"https:\/\/www.encontracentrodegoiania.com.br\/noticias\/wp-json\/wp\/v2\/media?parent=14"}],"wp:term":[{"taxonomy":"category","embeddable":true,"href":"https:\/\/www.encontracentrodegoiania.com.br\/noticias\/wp-json\/wp\/v2\/categories?post=14"},{"taxonomy":"post_tag","embeddable":true,"href":"https:\/\/www.encontracentrodegoiania.com.br\/noticias\/wp-json\/wp\/v2\/tags?post=14"}],"curies":[{"name":"wp","href":"https:\/\/api.w.org\/{rel}","templated":true}]}}